{"id":211,"date":"2018-07-31T13:24:38","date_gmt":"2018-07-31T11:24:38","guid":{"rendered":"http:\/\/kie.ue.poznan.pl\/pl\/?p=211"},"modified":"2020-08-23T18:42:17","modified_gmt":"2020-08-23T16:42:17","slug":"konferencja-bis-2018","status":"publish","type":"post","link":"https:\/\/kie.ue.poznan.pl\/pl\/wiadomosci\/konferencja-bis-2018\/","title":{"rendered":"Konferencja BIS 2018"},"content":{"rendered":"<p>W dniach 18-20 lipca 2018r. w Fraunhofer Institute for Open Communication Systems FOKUS w Berlinie odby\u0142a si\u0119 dwudziesta pierwsza edycja Mi\u0119dzynarodowej Konferencji Business Information Systems (BIS). Konferencja zosta\u0142a zorganizowana przez FOKUS oraz Katedr\u0119 Informatyki Ekonomicznej UEP. Tematem wiod\u0105cym tegorocznej edycji by\u0142o: \u201eDigital Transformation an imperative in today&#8217;s business markets\u201d. <\/p>\n<p><img decoding=\"async\" src=\"http:\/\/kie.ue.poznan.pl\/sites\/default\/files\/bis2018-logo.png\" style=\"float:right; margin:10px;\" \/>Konferencja BIS, kontynuuj\u0105c swoj\u0105 21-letni\u0105 tradycj\u0119, sta\u0142a si\u0119 mi\u0119dzynarodowym wydarzeniem, cenionym w\u015br\u00f3d spo\u0142eczno\u015bci naukowej oraz biznesowej. Corocznie stanowi okazj\u0119 dla naukowc\u00f3w i praktyk\u00f3w z ca\u0142ego \u015bwiata do dyskusji na tematy z obszaru informatyki ekonomicznej, takie jak: Big Data, zarz\u0105dzanie procesami biznesowymi, ontologie, rozw\u00f3j i implementacja oprogramowania, us\u0142ugi sieciowe, wyszukiwanie informacji, projektowanie system\u00f3w, Linked Data, czy sieci spo\u0142eczne. Tegoroczna edycja konferencji skoncentrowana zosta\u0142a wok\u00f3\u0142 tematyki transformacji cyfrowej, kt\u00f3ra dotyczy zar\u00f3wno jednostek, jak i ca\u0142ych domen  jak: administracja, komunikacja, sztuka, medycyna, finanse i nauka.<\/p>\n<ul>\n<li>Prof. Francesco Archetti, University of Milan-Bicocca, W\u0142ochy, z wyk\u0142adem: \u201cScientific challenges from the digital disruption of water industry\u201d,<\/li>\n<li>Prof. Hans-Arno Jacobsen, Technische Universit\u00e4t M\u00fcnchen, Niemcy, kt\u00f3ry przedstawi\u0142 wyk\u0142ad: \u201cDeconstructing Blockchains: Concepts, Applications, and Systems\u201d,<\/li>\n<li>Prof. Volker Markl, Technische Universit\u00e4t Berlin, Niemcy, z wyk\u0142adem: \u201cBig Data Management and Apache Flink: Key Challenges and (Some) Solutions\u201d.<\/li>\n<\/ul>\n<p>W czasie konferencji odby\u0142y si\u0119 r\u00f3wnie\u017c warsztaty:<\/p>\n<ul>\n<li>10th Workshop on Applications of Knowledge-Based Technologies in Business (AKTB 2018),<\/li>\n<li>9th Workshop on Business and IT Alignment (BITA 2018),<\/li>\n<li>1st Workshop on Blockchain and Smart Contract Technologies (BSCT 2018),<\/li>\n<li>4th International Workshop on Digital Enterprise Engineering and Architecture (IDEA 2018),<\/li>\n<li>3rd Workshop on Big Data and Business Analytics Ecosystems (iDEATE 2018),<\/li>\n<li>Scientific Challenges &amp; Business Opportunities in Water Management (SciBOWater 2018),<\/li>\n<li>1st Workshop on Quality of Open Data (QOD 2018).<\/li>\n<\/ul>\n<p>Ponadto, w czasie konferencji zorganizowane zosta\u0142o mi\u0119dzynarodowe Konsorcjum Doktorskie, podczas kt\u00f3rego zaprezentowanych zosta\u0142o 10 referat\u00f3w (w tym 4 demo papers), wy\u0142onionych spo\u015br\u00f3d 17 zg\u0142osze\u0144.  Doktoranci mieli mo\u017cliwo\u015b\u0107 przedstawienia prowadzonych przez siebie bada\u0144 oraz skonsultowania dotychczasowych wynik\u00f3w z pozosta\u0142ymi uczestnikami Konsorcjum. Dodatkowo, ka\u017cdy uczestnik odby\u0142 indywidualne konsultacje z mentorem naukowym, kt\u00f3rych celem by\u0142o przekazanie wskaz\u00f3wek i porad zwi\u0105zanych z dalszymi badaniami.<\/p>\n<p>W konferencji oraz towarzysz\u0105cych jej wydarzeniach uczestniczy\u0142o \u0142\u0105cznie 125 os\u00f3b, wyg\u0142oszonych zosta\u0142o 90 referat\u00f3w, zg\u0142oszonych przez 236 autor\u00f3w z 27 kraj\u00f3w. Komitet Programowy konferencji BIS liczy\u0142 80 cz\u0142onk\u00f3w z 26 kraj\u00f3w. <\/p>\n<p>Materia\u0142y konferencyjne publikowane s\u0105 jako dwa tomy w serii Lecture Notes in Business Information Processing wydawnictwa Springer. <\/p>\n<p>W przysz\u0142ym roku konferencja BIS odb\u0119dzie si\u0119 w Hiszpanii.<\/p>\n<p>Strona konferencji: <a href=\"http:\/\/www.bisconf.info\">www.bisconf.info<\/a><\/p>\n<p>Wybrane zdj\u0119cia z konferencji:<\/p>\n<div style=\"margin:10px; padding: 10px; border: 1px #cccccc solid;\"><a href=\"http:\/\/kie.ue.poznan.pl\/sites\/default\/files\/bis2018-1.jpg\" target=\"_blank\" rel=\"noopener noreferrer\"><img decoding=\"async\" src=\"http:\/\/kie.ue.poznan.pl\/sites\/default\/files\/bis2018-1.jpg\" style=\"width:100%\" title=\"Prof. Francesco Archetti, University of Milan-Bicocca, W\u0142ochy, z wyk\u0142adem: \u201cScientific challenges from the digital disruption of water industry\u201d\" \/><\/a><\/p>\n<p><i>Prof. Francesco Archetti, University of Milan-Bicocca, W\u0142ochy, z wyk\u0142adem: \u201cScientific challenges from the digital disruption of water industry\u201d<\/i><\/div>\n<div style=\"margin:10px; padding: 10px; border: 1px #cccccc solid;\"><a href=\"http:\/\/kie.ue.poznan.pl\/sites\/default\/files\/bis2018-2.jpg\" target=\"_blank\" rel=\"noopener noreferrer\"><img decoding=\"async\" src=\"http:\/\/kie.ue.poznan.pl\/sites\/default\/files\/bis2018-2.jpg\" style=\"width:100%\" title=\"Prof. Hans-Arno Jacobsen, Technische Universit\u00e4t M\u00fcnchen, Niemcy, kt\u00f3ry przedstawi\u0142 wyk\u0142ad: \u201cDeconstructing Blockchains: Concepts, Applications, and Systems\u201d\" \/><\/a><\/p>\n<p><i>Prof. Hans-Arno Jacobsen, Technische Universit\u00e4t M\u00fcnchen, Niemcy, kt\u00f3ry przedstawi\u0142 wyk\u0142ad: \u201cDeconstructing Blockchains: Concepts, Applications, and Systems\u201d<\/i><\/div>\n<div style=\"margin:10px; padding: 10px; border: 1px #cccccc solid;\"><a href=\"http:\/\/kie.ue.poznan.pl\/sites\/default\/files\/bis2018-3.jpg\" target=\"_blank\" rel=\"noopener noreferrer\"><img decoding=\"async\" src=\"http:\/\/kie.ue.poznan.pl\/sites\/default\/files\/bis2018-3.jpg\" style=\"width:100%\" title=\"Prof. Volker Markl, Technische Universit\u00e4t Berlin, Niemcy, z wyk\u0142adem: \u201cBig Data Management and Apache Flink: Key Challenges and (Some) Solutions\u201d\" \/><\/a><\/p>\n<p><i>Prof. Volker Markl, Technische Universit\u00e4t Berlin, Niemcy, z wyk\u0142adem: \u201cBig Data Management and Apache Flink: Key Challenges and (Some) Solutions\u201d<\/i><\/div>\n<div style=\"margin:10px; padding: 10px; border: 1px #cccccc solid;\"><a href=\"http:\/\/kie.ue.poznan.pl\/sites\/default\/files\/bis2018-4.jpg\" target=\"_blank\" rel=\"noopener noreferrer\"><img decoding=\"async\" src=\"http:\/\/kie.ue.poznan.pl\/sites\/default\/files\/bis2018-4.jpg\" style=\"width:100%\" title=\"Prof. Adrian Paschke oraz prof. Witold Abramowicz\" \/><\/a><\/p>\n<p><i>Prof. Adrian Paschke oraz prof. Witold Abramowicz<\/i><\/div>\n","protected":false},"excerpt":{"rendered":"<p>W dniach 18-20 lipca 2018r. w Fraunhofer Institute for Open Communication Systems FOKUS w Berlinie odby\u0142a si\u0119 dwudziesta pierwsza edycja Mi\u0119dzynarodowej Konferencji Business Information Systems (BIS). Konferencja zosta\u0142a zorganizowana przez FOKUS oraz Katedr\u0119 Informatyki Ekonomicznej UEP. Tematem wiod\u0105cym tegorocznej edycji by\u0142o: \u201eDigital Transformation an imperative in today&#8217;s business markets\u201d. Konferencja BIS, kontynuuj\u0105c swoj\u0105 21-letni\u0105 tradycj\u0119, sta\u0142a si\u0119 mi\u0119dzynarodowym wydarzeniem, cenionym w\u015br\u00f3d spo\u0142eczno\u015bci naukowej oraz biznesowej. Corocznie stanowi okazj\u0119 dla naukowc\u00f3w <a href=\"https:\/\/kie.ue.poznan.pl\/pl\/wiadomosci\/konferencja-bis-2018\/\" class=\"read-more\">&#8230; Wi\u0119cej informacji<\/a><\/p>\n","protected":false},"author":1,"featured_media":0,"comment_status":"closed","ping_status":"open","sticky":false,"template":"","format":"standard","meta":{"footnotes":""},"categories":[1],"tags":[13,42,59],"class_list":["post-211","post","type-post","status-publish","format-standard","hentry","category-wiadomosci","tag-bis","tag-konferencje","tag-niemcy"],"_links":{"self":[{"href":"https:\/\/kie.ue.poznan.pl\/pl\/wp-json\/wp\/v2\/posts\/211","targetHints":{"allow":["GET"]}}],"collection":[{"href":"https:\/\/kie.ue.poznan.pl\/pl\/wp-json\/wp\/v2\/posts"}],"about":[{"href":"https:\/\/kie.ue.poznan.pl\/pl\/wp-json\/wp\/v2\/types\/post"}],"author":[{"embeddable":true,"href":"https:\/\/kie.ue.poznan.pl\/pl\/wp-json\/wp\/v2\/users\/1"}],"replies":[{"embeddable":true,"href":"https:\/\/kie.ue.poznan.pl\/pl\/wp-json\/wp\/v2\/comments?post=211"}],"version-history":[{"count":0,"href":"https:\/\/kie.ue.poznan.pl\/pl\/wp-json\/wp\/v2\/posts\/211\/revisions"}],"wp:attachment":[{"href":"https:\/\/kie.ue.poznan.pl\/pl\/wp-json\/wp\/v2\/media?parent=211"}],"wp:term":[{"taxonomy":"category","embeddable":true,"href":"https:\/\/kie.ue.poznan.pl\/pl\/wp-json\/wp\/v2\/categories?post=211"},{"taxonomy":"post_tag","embeddable":true,"href":"https:\/\/kie.ue.poznan.pl\/pl\/wp-json\/wp\/v2\/tags?post=211"}],"curies":[{"name":"wp","href":"https:\/\/api.w.org\/{rel}","templated":true}]}}