{"id":275,"date":"2015-06-10T14:35:15","date_gmt":"2015-06-10T12:35:15","guid":{"rendered":"http:\/\/kie.ue.poznan.pl\/pl\/?p=275"},"modified":"2020-08-24T12:05:40","modified_gmt":"2020-08-24T10:05:40","slug":"spotkanie-projektu-simmo","status":"publish","type":"post","link":"https:\/\/kie.ue.poznan.pl\/pl\/wiadomosci\/spotkanie-projektu-simmo\/","title":{"rendered":"Spotkanie projektu SIMMO"},"content":{"rendered":"<p>W dniach 2-3 czerwca 2015 r. w Gdyni odby\u0142o si\u0119 drugie spotkanie projektu SIMMO: System for Intelligent Maritime MOnitoring. Wzi\u0119li w nim udzia\u0142 przedstawiciele Katedry Informatyki Ekonomicznej: prof. Witold Abramowicz, dr Agata Filipowska, dr Krzysztof W\u0119cel, mgr in\u017c. Dominik Filipiak, mgr Jacek Ma\u0142yszko i mgr Milena Str\u00f3\u017cyna. W spotkaniu uczestniczyli r\u00f3wnie\u017c recenzenci Europejskiej Agencji Bezpiecze\u0144stwa z Belgii, Niemiec, Polski i Szwecji oraz przedstawiciel firmy LuxSpace. Gospodarzem spotkania by\u0142a Akademia Marynarki Wojennej.<\/p>\n<p><img decoding=\"async\" src=\"\/pliki\/webimg\/news\/simmo.jpg\" style=\"width:100%\" \/><\/p>\n","protected":false},"excerpt":{"rendered":"<p>W dniach 2-3 czerwca 2015 r. w Gdyni odby\u0142o si\u0119 drugie spotkanie projektu SIMMO: System for Intelligent Maritime MOnitoring. Wzi\u0119li w nim udzia\u0142 przedstawiciele Katedry Informatyki Ekonomicznej: prof. Witold Abramowicz, dr Agata Filipowska, dr Krzysztof W\u0119cel, mgr in\u017c. Dominik Filipiak, mgr Jacek Ma\u0142yszko i mgr Milena Str\u00f3\u017cyna. W spotkaniu uczestniczyli r\u00f3wnie\u017c recenzenci Europejskiej Agencji Bezpiecze\u0144stwa z Belgii, Niemiec, Polski i Szwecji oraz przedstawiciel firmy LuxSpace. Gospodarzem spotkania by\u0142a Akademia Marynarki <a href=\"https:\/\/kie.ue.poznan.pl\/pl\/wiadomosci\/spotkanie-projektu-simmo\/\" class=\"read-more\">&#8230; Wi\u0119cej informacji<\/a><\/p>\n","protected":false},"author":1,"featured_media":0,"comment_status":"closed","ping_status":"open","sticky":false,"template":"","format":"standard","meta":{"footnotes":""},"categories":[1],"tags":[46,27,38,7,26,24,25,21],"class_list":["post-275","post","type-post","status-publish","format-standard","hentry","category-wiadomosci","tag-agata-filipowska","tag-dominik-filipiak","tag-jacek-malyszko","tag-krzysztof-wecel","tag-milena-strozyna","tag-projekty","tag-simmo","tag-witold-abramowicz"],"_links":{"self":[{"href":"https:\/\/kie.ue.poznan.pl\/pl\/wp-json\/wp\/v2\/posts\/275","targetHints":{"allow":["GET"]}}],"collection":[{"href":"https:\/\/kie.ue.poznan.pl\/pl\/wp-json\/wp\/v2\/posts"}],"about":[{"href":"https:\/\/kie.ue.poznan.pl\/pl\/wp-json\/wp\/v2\/types\/post"}],"author":[{"embeddable":true,"href":"https:\/\/kie.ue.poznan.pl\/pl\/wp-json\/wp\/v2\/users\/1"}],"replies":[{"embeddable":true,"href":"https:\/\/kie.ue.poznan.pl\/pl\/wp-json\/wp\/v2\/comments?post=275"}],"version-history":[{"count":0,"href":"https:\/\/kie.ue.poznan.pl\/pl\/wp-json\/wp\/v2\/posts\/275\/revisions"}],"wp:attachment":[{"href":"https:\/\/kie.ue.poznan.pl\/pl\/wp-json\/wp\/v2\/media?parent=275"}],"wp:term":[{"taxonomy":"category","embeddable":true,"href":"https:\/\/kie.ue.poznan.pl\/pl\/wp-json\/wp\/v2\/categories?post=275"},{"taxonomy":"post_tag","embeddable":true,"href":"https:\/\/kie.ue.poznan.pl\/pl\/wp-json\/wp\/v2\/tags?post=275"}],"curies":[{"name":"wp","href":"https:\/\/api.w.org\/{rel}","templated":true}]}}