{"id":510,"date":"2021-10-30T19:34:33","date_gmt":"2021-10-30T17:34:33","guid":{"rendered":"https:\/\/kie.ue.poznan.pl\/pl\/?p=510"},"modified":"2021-10-31T13:00:05","modified_gmt":"2021-10-31T12:00:05","slug":"iv-kongres-informatyki-ekonomicznej","status":"publish","type":"post","link":"https:\/\/kie.ue.poznan.pl\/pl\/wiadomosci\/iv-kongres-informatyki-ekonomicznej\/","title":{"rendered":"IV Kongres Informatyki Ekonomicznej"},"content":{"rendered":"<p>Pracownicy naszej katedry wzi\u0119li udzia\u0142 w IV Kongresie Informatyki Ekonomicznej oraz VIII Og\u00f3lnopolskiej Konferencji Naukowej \u201eWiedza i technologie informacyjne  w kreowaniu przedsi\u0119biorczo\u015bci\u201d. Wydarzenia odby\u0142y si\u0119 w w dniach 21 \u2013 22 pa\u017adziernika 2021 roku w trybie hybrydowym &#8211; stacjonarnie w Olsztynie ko\u0142o Cz\u0119stochowy oraz on-line.<!--more--> Organizatorami tych wydarze\u0144 by\u0142y Katedra Informacyjnych System\u00f3w Zarz\u0105dzania Wydzia\u0142u Zarz\u0105dzania Politechniki Cz\u0119stochowskiej oraz Naukowe Towarzystwo Informatyki Ekonomicznej.<\/p>\n<p>Podczas konferencji w ramach sesji \u201eInnowacyjno\u015b\u0107 w dobie transformacji cyfrowej \u2013 uj\u0119cie praktyczne\u201d zosta\u0142 przedstawiony referat pt. &#8222;Tutorial I: Data Analysis in the Maritime Domain&#8221; (autorzy: prof. dr hab. <a href=\"https:\/\/kie.ue.poznan.pl\/pl\/witold-abramowicz\/\">Witold Abramowicz<\/a>,  dr hab. <a href=\"https:\/\/kie.ue.poznan.pl\/pl\/krzysztof-wecel\/\">Krzysztof W\u0119cel<\/a> oraz dr <a href=\"https:\/\/kie.ue.poznan.pl\/pl\/milena-strozyna\/\">Milena Str\u00f3\u017cyna<\/a>).<\/p>\n<p>Dodatkowo w ramach wydarzenia odby\u0142o si\u0119 wr\u0119czenie dyplom\u00f3w NTIE na najlepsze prace doktorskie, magisterskie oraz licencjackie w obszarze informatyki ekonomicznej. Spo\u015br\u00f3d laureat\u00f3w ukazali si\u0119 <a href=\"https:\/\/kie.ue.poznan.pl\/pl\/wiadomosci\/sukces-naszych-absolwentow-w-xxiv-konkursie-ntie-na-najlepsze-prace-dyplomowe\/\">absolwenci kierunku Informatyka i ekonometria naszego Uniwersytetu<\/a>. Nagrodzone prace by\u0142y napisane i obronione pod promotorstwem dr hab. <a href=\"https:\/\/kie.ue.poznan.pl\/pl\/agata-filipowska\/\">Agaty Filipowskiej<\/a>.<\/p>\n<figure id=\"attachment_512\" aria-describedby=\"caption-attachment-512\" style=\"width: 765px\" class=\"wp-caption aligncenter\"><a href=\"https:\/\/kie.ue.poznan.pl\/pl\/wp-content\/uploads\/2021\/10\/dyplomy_ntie2021.jpg\"><img loading=\"lazy\" decoding=\"async\" src=\"https:\/\/kie.ue.poznan.pl\/pl\/wp-content\/uploads\/2021\/10\/dyplomy_ntie2021.jpg\" alt=\"Dyplomy NTIE za najlepsze prace dyplomowe obronione w 2020 roku zwi\u0105zane z aktualn\u0105 tematyk\u0105 z zakresu informatyki ekonomicznej\" width=\"765\" height=\"567\" class=\"size-full wp-image-512\" srcset=\"https:\/\/kie.ue.poznan.pl\/pl\/wp-content\/uploads\/2021\/10\/dyplomy_ntie2021.jpg 765w, https:\/\/kie.ue.poznan.pl\/pl\/wp-content\/uploads\/2021\/10\/dyplomy_ntie2021-300x222.jpg 300w, https:\/\/kie.ue.poznan.pl\/pl\/wp-content\/uploads\/2021\/10\/dyplomy_ntie2021-360x267.jpg 360w\" sizes=\"auto, (max-width: 765px) 100vw, 765px\" \/><\/a><figcaption id=\"caption-attachment-512\" class=\"wp-caption-text\">Dyplomy NTIE za najlepsze prace dyplomowe obronione w 2020 roku zwi\u0105zane z aktualn\u0105 tematyk\u0105 z zakresu informatyki ekonomicznej<\/figcaption><\/figure>\n<p>Wi\u0119cej informacji na temat IV Kongresu Informatyki Ekonomicznej mo\u017cna znale\u017a\u0107 na stronie: <a href=\"http:\/\/konferencja.czest.pl\">konferencja.czest.pl<\/a><\/p>\n","protected":false},"excerpt":{"rendered":"<p>Pracownicy naszej katedry wzi\u0119li udzia\u0142 w IV Kongresie Informatyki Ekonomicznej oraz VIII Og\u00f3lnopolskiej Konferencji Naukowej \u201eWiedza i technologie informacyjne w kreowaniu przedsi\u0119biorczo\u015bci\u201d. Wydarzenia odby\u0142y si\u0119 w w dniach 21 \u2013 22 pa\u017adziernika 2021 roku w trybie hybrydowym &#8211; stacjonarnie w Olsztynie ko\u0142o Cz\u0119stochowy oraz on-line.<\/p>\n","protected":false},"author":1,"featured_media":511,"comment_status":"closed","ping_status":"open","sticky":false,"template":"","format":"standard","meta":{"footnotes":""},"categories":[1],"tags":[46,221,42,122,7,26,49,220,21],"class_list":["post-510","post","type-post","status-publish","format-standard","has-post-thumbnail","hentry","category-wiadomosci","tag-agata-filipowska","tag-czestochowa","tag-konferencje","tag-kongres-informatyki-ekonomicznej","tag-krzysztof-wecel","tag-milena-strozyna","tag-ntie","tag-olsztyn","tag-witold-abramowicz"],"_links":{"self":[{"href":"https:\/\/kie.ue.poznan.pl\/pl\/wp-json\/wp\/v2\/posts\/510","targetHints":{"allow":["GET"]}}],"collection":[{"href":"https:\/\/kie.ue.poznan.pl\/pl\/wp-json\/wp\/v2\/posts"}],"about":[{"href":"https:\/\/kie.ue.poznan.pl\/pl\/wp-json\/wp\/v2\/types\/post"}],"author":[{"embeddable":true,"href":"https:\/\/kie.ue.poznan.pl\/pl\/wp-json\/wp\/v2\/users\/1"}],"replies":[{"embeddable":true,"href":"https:\/\/kie.ue.poznan.pl\/pl\/wp-json\/wp\/v2\/comments?post=510"}],"version-history":[{"count":0,"href":"https:\/\/kie.ue.poznan.pl\/pl\/wp-json\/wp\/v2\/posts\/510\/revisions"}],"wp:featuredmedia":[{"embeddable":true,"href":"https:\/\/kie.ue.poznan.pl\/pl\/wp-json\/wp\/v2\/media\/511"}],"wp:attachment":[{"href":"https:\/\/kie.ue.poznan.pl\/pl\/wp-json\/wp\/v2\/media?parent=510"}],"wp:term":[{"taxonomy":"category","embeddable":true,"href":"https:\/\/kie.ue.poznan.pl\/pl\/wp-json\/wp\/v2\/categories?post=510"},{"taxonomy":"post_tag","embeddable":true,"href":"https:\/\/kie.ue.poznan.pl\/pl\/wp-json\/wp\/v2\/tags?post=510"}],"curies":[{"name":"wp","href":"https:\/\/api.w.org\/{rel}","templated":true}]}}